{"id":888,"date":"2022-05-15T09:25:19","date_gmt":"2022-05-15T09:25:19","guid":{"rendered":"http:\/\/lyrikfenster.de\/?p=888"},"modified":"2022-05-15T09:28:20","modified_gmt":"2022-05-15T09:28:20","slug":"muehsamer-tag","status":"publish","type":"post","link":"http:\/\/lyrikfenster.de\/?p=888","title":{"rendered":"M\u00fchsamer Tag"},"content":{"rendered":"\n<p><strong>Alle Ecken spitz<br>alle Kanten scharf<br>ein Tag wie zerbrochenes Glas<br>Schneidend die Worte<br>das Schweigen der Anderen<br>Verirrt im Labyrinth<br>meines Zorns<br><br>Am Abend aber<br>t\u00f6nt Amselgesang<br>legt sich<br>ein milder goldener Schimmer<br>auf mein Herz<br>Die Tagessplitter<br>gl\u00e4nzen<br>vers\u00f6hnlich<br>In aller Vergeblichkeit<br>warst Du mir nah<br><\/strong><br>Christine Ruppert \u00a9 2022<\/p>\n","protected":false},"excerpt":{"rendered":"<p>Alle Ecken spitzalle Kanten scharfein Tag wie zerbrochenes GlasSchneidend die Wortedas Schweigen der AnderenVerirrt im Labyrinthmeines Zorns Am Abend abert\u00f6nt Amselgesanglegt sichein milder goldener Schimmerauf mein HerzDie Tagessplittergl\u00e4nzenvers\u00f6hnlichIn aller Vergeblichkeitwarst Du mir nahChristine Ruppert \u00a9 2022<\/p>\n","protected":false},"author":1,"featured_media":0,"comment_status":"open","ping_status":"open","sticky":false,"template":"","format":"standard","meta":{"footnotes":""},"categories":[3],"tags":[38,15,64],"class_list":["post-888","post","type-post","status-publish","format-standard","hentry","category-gedicht","tag-in-beziehung","tag-vertrauen","tag-wut"],"post_mailing_queue_ids":[],"_links":{"self":[{"href":"http:\/\/lyrikfenster.de\/index.php?rest_route=\/wp\/v2\/posts\/888","targetHints":{"allow":["GET"]}}],"collection":[{"href":"http:\/\/lyrikfenster.de\/index.php?rest_route=\/wp\/v2\/posts"}],"about":[{"href":"http:\/\/lyrikfenster.de\/index.php?rest_route=\/wp\/v2\/types\/post"}],"author":[{"embeddable":true,"href":"http:\/\/lyrikfenster.de\/index.php?rest_route=\/wp\/v2\/users\/1"}],"replies":[{"embeddable":true,"href":"http:\/\/lyrikfenster.de\/index.php?rest_route=%2Fwp%2Fv2%2Fcomments&post=888"}],"version-history":[{"count":1,"href":"http:\/\/lyrikfenster.de\/index.php?rest_route=\/wp\/v2\/posts\/888\/revisions"}],"predecessor-version":[{"id":889,"href":"http:\/\/lyrikfenster.de\/index.php?rest_route=\/wp\/v2\/posts\/888\/revisions\/889"}],"wp:attachment":[{"href":"http:\/\/lyrikfenster.de\/index.php?rest_route=%2Fwp%2Fv2%2Fmedia&parent=888"}],"wp:term":[{"taxonomy":"category","embeddable":true,"href":"http:\/\/lyrikfenster.de\/index.php?rest_route=%2Fwp%2Fv2%2Fcategories&post=888"},{"taxonomy":"post_tag","embeddable":true,"href":"http:\/\/lyrikfenster.de\/index.php?rest_route=%2Fwp%2Fv2%2Ftags&post=888"}],"curies":[{"name":"wp","href":"https:\/\/api.w.org\/{rel}","templated":true}]}}