{"id":485,"date":"2020-10-12T06:48:46","date_gmt":"2020-10-12T06:48:46","guid":{"rendered":"http:\/\/lyrikfenster.de\/?p=485"},"modified":"2020-10-12T06:49:43","modified_gmt":"2020-10-12T06:49:43","slug":"lyrikbild","status":"publish","type":"post","link":"http:\/\/lyrikfenster.de\/?p=485","title":{"rendered":"LyrikBild"},"content":{"rendered":"\n<p>Schon seit 2013 mache ich mit meiner Freundin Leila Freiburg LyrikBilder. Dabei lassen wir uns von Themen oder Gedichten zu einem Text-Bild-Kunstwerk inspirieren. Diesmal geht es um das Thema \u201eLesen\u201c. Leila Freiburg ist Malerin, Juristin und Mutter von zwei Kindern. Sie lebt in D\u00fcsseldorf.<\/p>\n\n\n\n<figure class=\"wp-block-image size-large\"><img loading=\"lazy\" decoding=\"async\" width=\"954\" height=\"1024\" src=\"http:\/\/lyrikfenster.de\/wp-content\/uploads\/2020\/10\/LeilaBild_Die-Lesende-954x1024.jpg\" alt=\"\" class=\"wp-image-484\" srcset=\"http:\/\/lyrikfenster.de\/wp-content\/uploads\/2020\/10\/LeilaBild_Die-Lesende-954x1024.jpg 954w, http:\/\/lyrikfenster.de\/wp-content\/uploads\/2020\/10\/LeilaBild_Die-Lesende-280x300.jpg 280w, http:\/\/lyrikfenster.de\/wp-content\/uploads\/2020\/10\/LeilaBild_Die-Lesende-768x824.jpg 768w, http:\/\/lyrikfenster.de\/wp-content\/uploads\/2020\/10\/LeilaBild_Die-Lesende-1431x1536.jpg 1431w, http:\/\/lyrikfenster.de\/wp-content\/uploads\/2020\/10\/LeilaBild_Die-Lesende-1908x2048.jpg 1908w\" sizes=\"auto, (max-width: 767px) 89vw, (max-width: 1000px) 54vw, (max-width: 1071px) 543px, 580px\" \/><figcaption>\u201eDie Lesende\u201c \u00a9 Leila Freiburg, Acryl und Buntstift auf Leinwand, 2020.<\/figcaption><\/figure>\n\n\n\n<p><strong><strong>\u00dcberlebenstexte<\/strong><br><br>B\u00fccherfreunde<br>lebensklug und tr\u00f6stend<br>Fluchttore in andere Welten<br><br>Gedichte<br>bl\u00fchende Begleiter auf W\u00fcstenwegen<br><br>Hoffnungsworte<br>eingewoben in mein Herzinnerstes<br><br>lassen mich<br>Halt finden<br>wecken<br>die Freude<br>st\u00e4rken<br>das Leben in mir<br><\/strong><br>Christine Ruppert \u00a9 2019<\/p>\n","protected":false},"excerpt":{"rendered":"<p>Schon seit 2013 mache ich mit meiner Freundin Leila Freiburg LyrikBilder. Dabei lassen wir uns von Themen oder Gedichten zu einem Text-Bild-Kunstwerk inspirieren. Diesmal geht es um das Thema \u201eLesen\u201c. Leila Freiburg ist Malerin, Juristin und Mutter von zwei Kindern. Sie lebt in D\u00fcsseldorf. \u00dcberlebenstexte B\u00fccherfreundelebensklug und tr\u00f6stendFluchttore in andere Welten Gedichtebl\u00fchende Begleiter auf W\u00fcstenwegen &hellip; <\/p>\n<p class=\"link-more\"><a href=\"http:\/\/lyrikfenster.de\/?p=485\" class=\"more-link\"><span class=\"screen-reader-text\">\u201eLyrikBild\u201c <\/span>weiterlesen<\/a><\/p>\n","protected":false},"author":1,"featured_media":0,"comment_status":"open","ping_status":"open","sticky":false,"template":"","format":"standard","meta":{"footnotes":""},"categories":[3],"tags":[53,52,15],"class_list":["post-485","post","type-post","status-publish","format-standard","hentry","category-gedicht","tag-lesen","tag-lyrikbild","tag-vertrauen"],"post_mailing_queue_ids":[],"_links":{"self":[{"href":"http:\/\/lyrikfenster.de\/index.php?rest_route=\/wp\/v2\/posts\/485","targetHints":{"allow":["GET"]}}],"collection":[{"href":"http:\/\/lyrikfenster.de\/index.php?rest_route=\/wp\/v2\/posts"}],"about":[{"href":"http:\/\/lyrikfenster.de\/index.php?rest_route=\/wp\/v2\/types\/post"}],"author":[{"embeddable":true,"href":"http:\/\/lyrikfenster.de\/index.php?rest_route=\/wp\/v2\/users\/1"}],"replies":[{"embeddable":true,"href":"http:\/\/lyrikfenster.de\/index.php?rest_route=%2Fwp%2Fv2%2Fcomments&post=485"}],"version-history":[{"count":2,"href":"http:\/\/lyrikfenster.de\/index.php?rest_route=\/wp\/v2\/posts\/485\/revisions"}],"predecessor-version":[{"id":488,"href":"http:\/\/lyrikfenster.de\/index.php?rest_route=\/wp\/v2\/posts\/485\/revisions\/488"}],"wp:attachment":[{"href":"http:\/\/lyrikfenster.de\/index.php?rest_route=%2Fwp%2Fv2%2Fmedia&parent=485"}],"wp:term":[{"taxonomy":"category","embeddable":true,"href":"http:\/\/lyrikfenster.de\/index.php?rest_route=%2Fwp%2Fv2%2Fcategories&post=485"},{"taxonomy":"post_tag","embeddable":true,"href":"http:\/\/lyrikfenster.de\/index.php?rest_route=%2Fwp%2Fv2%2Ftags&post=485"}],"curies":[{"name":"wp","href":"https:\/\/api.w.org\/{rel}","templated":true}]}}