{"id":473,"date":"2020-10-02T06:05:43","date_gmt":"2020-10-02T06:05:43","guid":{"rendered":"http:\/\/lyrikfenster.de\/?p=473"},"modified":"2020-10-02T06:05:43","modified_gmt":"2020-10-02T06:05:43","slug":"herbarium","status":"publish","type":"post","link":"http:\/\/lyrikfenster.de\/?p=473","title":{"rendered":"Herbarium"},"content":{"rendered":"\n<p>Gedicht aus der Reihe \u201eErinnerung\u201c<\/p>\n\n\n\n<p><strong>I<br>Herbsterinnerungen<br>haltbar<br>wie gepresste Bl\u00e4tter<br>zwischen den Seiten<br>meiner Jahre<br><br>II<br>Raschelnd und duftend<br>der gro\u00dfe Bl\u00e4tterhaufen<br>meiner Kindheit<br><br>Gef\u00fcllt die H\u00e4nde<br>mit buntem Laub<br>und gl\u00e4nzenden Kastanien<br><br>Die Freude<br>des Suchens und Findens<br><br>Fallende Bl\u00e4tter<br>an einem windstillen Tag<br><\/strong><br>Christine Ruppert &nbsp;\u00a9 2019<\/p>\n","protected":false},"excerpt":{"rendered":"<p>Gedicht aus der Reihe \u201eErinnerung\u201c IHerbsterinnerungenhaltbarwie gepresste Bl\u00e4tterzwischen den Seitenmeiner Jahre IIRaschelnd und duftendder gro\u00dfe Bl\u00e4tterhaufenmeiner Kindheit Gef\u00fcllt die H\u00e4ndemit buntem Laubund gl\u00e4nzenden Kastanien Die Freudedes Suchens und Findens Fallende Bl\u00e4tteran einem windstillen TagChristine Ruppert &nbsp;\u00a9 2019<\/p>\n","protected":false},"author":1,"featured_media":0,"comment_status":"open","ping_status":"open","sticky":false,"template":"","format":"standard","meta":{"footnotes":""},"categories":[3],"tags":[27,7,10,28],"class_list":["post-473","post","type-post","status-publish","format-standard","hentry","category-gedicht","tag-erinnerung","tag-herbst","tag-jahreszeit","tag-kindheit"],"post_mailing_queue_ids":[],"_links":{"self":[{"href":"http:\/\/lyrikfenster.de\/index.php?rest_route=\/wp\/v2\/posts\/473","targetHints":{"allow":["GET"]}}],"collection":[{"href":"http:\/\/lyrikfenster.de\/index.php?rest_route=\/wp\/v2\/posts"}],"about":[{"href":"http:\/\/lyrikfenster.de\/index.php?rest_route=\/wp\/v2\/types\/post"}],"author":[{"embeddable":true,"href":"http:\/\/lyrikfenster.de\/index.php?rest_route=\/wp\/v2\/users\/1"}],"replies":[{"embeddable":true,"href":"http:\/\/lyrikfenster.de\/index.php?rest_route=%2Fwp%2Fv2%2Fcomments&post=473"}],"version-history":[{"count":1,"href":"http:\/\/lyrikfenster.de\/index.php?rest_route=\/wp\/v2\/posts\/473\/revisions"}],"predecessor-version":[{"id":474,"href":"http:\/\/lyrikfenster.de\/index.php?rest_route=\/wp\/v2\/posts\/473\/revisions\/474"}],"wp:attachment":[{"href":"http:\/\/lyrikfenster.de\/index.php?rest_route=%2Fwp%2Fv2%2Fmedia&parent=473"}],"wp:term":[{"taxonomy":"category","embeddable":true,"href":"http:\/\/lyrikfenster.de\/index.php?rest_route=%2Fwp%2Fv2%2Fcategories&post=473"},{"taxonomy":"post_tag","embeddable":true,"href":"http:\/\/lyrikfenster.de\/index.php?rest_route=%2Fwp%2Fv2%2Ftags&post=473"}],"curies":[{"name":"wp","href":"https:\/\/api.w.org\/{rel}","templated":true}]}}