{"id":176,"date":"2018-11-07T13:46:31","date_gmt":"2018-11-07T13:46:31","guid":{"rendered":"http:\/\/lyrikfenster.de\/?p=176"},"modified":"2019-04-15T08:19:17","modified_gmt":"2019-04-15T08:19:17","slug":"novemberwonne","status":"publish","type":"post","link":"http:\/\/lyrikfenster.de\/?p=176","title":{"rendered":"Novemberwonne"},"content":{"rendered":"\n<p><strong>Gib mir deine graue Decke<br>November<br>Ich zieh sie mir \u00fcber<br>den Kopf<br>Ich grabe mich ein in deine<br>weichen Federn<br>genie\u00dfe die Ruhe die<br>Dunkelheit<br><br>Endlich einmal genug<br>genug getan genug<br>gewagt genug geleistet<br>Mein K\u00f6rper schreit meine Seele<br>ruft nach Rast<br><br>Gib mir deine graue <br>Decke November Ich zieh<br>sie mir \u00fcber den Kopf<\/strong><br><strong>Ich krieche ins Weiche undWarme<br>Ich lasse<br>los<br>\u2013<br>und seufze<br>Ach<br>endlich<br><\/strong><br>Christine Ruppert \u00a9 2018<br><\/p>\n","protected":false},"excerpt":{"rendered":"<p>Gib mir deine graue DeckeNovemberIch zieh sie mir \u00fcberden KopfIch grabe mich ein in deineweichen Federngenie\u00dfe die Ruhe dieDunkelheit Endlich einmal genuggenug getan genuggewagt genug geleistetMein K\u00f6rper schreit meine Seeleruft nach Rast Gib mir deine graue Decke November Ich ziehsie mir \u00fcber den KopfIch krieche ins Weiche undWarmeIch lasselos\u2013und seufzeAchendlichChristine Ruppert \u00a9 2018<\/p>\n","protected":false},"author":1,"featured_media":0,"comment_status":"open","ping_status":"open","sticky":false,"template":"","format":"standard","meta":{"footnotes":""},"categories":[3],"tags":[24,7,10],"class_list":["post-176","post","type-post","status-publish","format-standard","hentry","category-gedicht","tag-entspannung","tag-herbst","tag-jahreszeit"],"post_mailing_queue_ids":[],"_links":{"self":[{"href":"http:\/\/lyrikfenster.de\/index.php?rest_route=\/wp\/v2\/posts\/176","targetHints":{"allow":["GET"]}}],"collection":[{"href":"http:\/\/lyrikfenster.de\/index.php?rest_route=\/wp\/v2\/posts"}],"about":[{"href":"http:\/\/lyrikfenster.de\/index.php?rest_route=\/wp\/v2\/types\/post"}],"author":[{"embeddable":true,"href":"http:\/\/lyrikfenster.de\/index.php?rest_route=\/wp\/v2\/users\/1"}],"replies":[{"embeddable":true,"href":"http:\/\/lyrikfenster.de\/index.php?rest_route=%2Fwp%2Fv2%2Fcomments&post=176"}],"version-history":[{"count":1,"href":"http:\/\/lyrikfenster.de\/index.php?rest_route=\/wp\/v2\/posts\/176\/revisions"}],"predecessor-version":[{"id":177,"href":"http:\/\/lyrikfenster.de\/index.php?rest_route=\/wp\/v2\/posts\/176\/revisions\/177"}],"wp:attachment":[{"href":"http:\/\/lyrikfenster.de\/index.php?rest_route=%2Fwp%2Fv2%2Fmedia&parent=176"}],"wp:term":[{"taxonomy":"category","embeddable":true,"href":"http:\/\/lyrikfenster.de\/index.php?rest_route=%2Fwp%2Fv2%2Fcategories&post=176"},{"taxonomy":"post_tag","embeddable":true,"href":"http:\/\/lyrikfenster.de\/index.php?rest_route=%2Fwp%2Fv2%2Ftags&post=176"}],"curies":[{"name":"wp","href":"https:\/\/api.w.org\/{rel}","templated":true}]}}