{"id":1129,"date":"2025-03-27T09:18:13","date_gmt":"2025-03-27T09:18:13","guid":{"rendered":"http:\/\/lyrikfenster.de\/?p=1129"},"modified":"2025-03-27T09:18:13","modified_gmt":"2025-03-27T09:18:13","slug":"einatmen-ausatmen","status":"publish","type":"post","link":"http:\/\/lyrikfenster.de\/?p=1129","title":{"rendered":"Einatmen &#8211; Ausatmen"},"content":{"rendered":"\n<p><strong>Ich atme ein<br>du atmest aus<br>ich atme ein<br>du atmest aus<br><br>Das sanfte Licht der Lampe<br>auf deinen selbstvergessenen Z\u00fcgen<br>leise zucken die Lider im Schlaf<br>ein Traumgedanke furcht deine Stirn<br>entspannt hebt und senkt sich dein Bauch<br><br>Du atmest ein<br>ich atme aus<br>du atmest ein<br>ich atme aus<br><br>Ich trinke Tee<br>bin einfach da<br>genie\u00dfe das kleine Gl\u00fcck<br>von N\u00e4he und Gegenwart<br><br>Ich atme ein<br>du atmest aus<br>ich atme ein<br>du atmest aus<br><br><\/strong>Christine Ruppert \u00a9 2025<\/p>\n","protected":false},"excerpt":{"rendered":"<p>Ich atme eindu atmest ausich atme eindu atmest aus Das sanfte Licht der Lampeauf deinen selbstvergessenen Z\u00fcgenleise zucken die Lider im Schlafein Traumgedanke furcht deine Stirnentspannt hebt und senkt sich dein Bauch Du atmest einich atme ausdu atmest einich atme aus Ich trinke Teebin einfach dagenie\u00dfe das kleine Gl\u00fcckvon N\u00e4he und Gegenwart Ich atme eindu &hellip; <\/p>\n<p class=\"link-more\"><a href=\"http:\/\/lyrikfenster.de\/?p=1129\" class=\"more-link\"><span class=\"screen-reader-text\">\u201eEinatmen &#8211; Ausatmen\u201c <\/span>weiterlesen<\/a><\/p>\n","protected":false},"author":1,"featured_media":0,"comment_status":"open","ping_status":"open","sticky":false,"template":"","format":"standard","meta":{"footnotes":""},"categories":[3],"tags":[25,24,38],"class_list":["post-1129","post","type-post","status-publish","format-standard","hentry","category-gedicht","tag-alltagsglueck","tag-entspannung","tag-in-beziehung"],"post_mailing_queue_ids":[],"_links":{"self":[{"href":"http:\/\/lyrikfenster.de\/index.php?rest_route=\/wp\/v2\/posts\/1129","targetHints":{"allow":["GET"]}}],"collection":[{"href":"http:\/\/lyrikfenster.de\/index.php?rest_route=\/wp\/v2\/posts"}],"about":[{"href":"http:\/\/lyrikfenster.de\/index.php?rest_route=\/wp\/v2\/types\/post"}],"author":[{"embeddable":true,"href":"http:\/\/lyrikfenster.de\/index.php?rest_route=\/wp\/v2\/users\/1"}],"replies":[{"embeddable":true,"href":"http:\/\/lyrikfenster.de\/index.php?rest_route=%2Fwp%2Fv2%2Fcomments&post=1129"}],"version-history":[{"count":2,"href":"http:\/\/lyrikfenster.de\/index.php?rest_route=\/wp\/v2\/posts\/1129\/revisions"}],"predecessor-version":[{"id":1131,"href":"http:\/\/lyrikfenster.de\/index.php?rest_route=\/wp\/v2\/posts\/1129\/revisions\/1131"}],"wp:attachment":[{"href":"http:\/\/lyrikfenster.de\/index.php?rest_route=%2Fwp%2Fv2%2Fmedia&parent=1129"}],"wp:term":[{"taxonomy":"category","embeddable":true,"href":"http:\/\/lyrikfenster.de\/index.php?rest_route=%2Fwp%2Fv2%2Fcategories&post=1129"},{"taxonomy":"post_tag","embeddable":true,"href":"http:\/\/lyrikfenster.de\/index.php?rest_route=%2Fwp%2Fv2%2Ftags&post=1129"}],"curies":[{"name":"wp","href":"https:\/\/api.w.org\/{rel}","templated":true}]}}