{"id":1112,"date":"2024-10-18T06:22:28","date_gmt":"2024-10-18T06:22:28","guid":{"rendered":"http:\/\/lyrikfenster.de\/?p=1112"},"modified":"2024-10-18T06:24:58","modified_gmt":"2024-10-18T06:24:58","slug":"lied-aus-der-tiefe","status":"publish","type":"post","link":"http:\/\/lyrikfenster.de\/?p=1112","title":{"rendered":"Lied aus der Tiefe"},"content":{"rendered":"\n<p><strong><br>Noch bl\u00fcht mir der Oleander<br>voller Leben<br>Noch leuchten<br>wie von Zauberhand<br>die Bl\u00fcten der Prachtwinde<br>zwischen den Bl\u00e4ttern des Ginkgo<br>Noch lachen mir<br>Sonnenblumen<br><br>Noch streift mich<br>bei jedem Atemzug<br>z\u00e4rtlich Dein Geisthauch<br>Noch lebe ich<br>Dein Licht auf meiner Haut<br>ganz warm<br><\/strong><br>Christine Ruppert \u00a9 2024<\/p>\n","protected":false},"excerpt":{"rendered":"<p>Noch bl\u00fcht mir der Oleandervoller LebenNoch leuchtenwie von Zauberhanddie Bl\u00fcten der Prachtwindezwischen den Bl\u00e4ttern des GinkgoNoch lachen mirSonnenblumen Noch streift michbei jedem Atemzugz\u00e4rtlich Dein GeisthauchNoch lebe ichDein Licht auf meiner Hautganz warmChristine Ruppert \u00a9 2024<\/p>\n","protected":false},"author":1,"featured_media":0,"comment_status":"open","ping_status":"open","sticky":false,"template":"","format":"standard","meta":{"footnotes":""},"categories":[3],"tags":[71,8,17,15],"class_list":["post-1112","post","type-post","status-publish","format-standard","hentry","category-gedicht","tag-hoffnung","tag-natur","tag-psalmen","tag-vertrauen"],"post_mailing_queue_ids":[],"_links":{"self":[{"href":"http:\/\/lyrikfenster.de\/index.php?rest_route=\/wp\/v2\/posts\/1112","targetHints":{"allow":["GET"]}}],"collection":[{"href":"http:\/\/lyrikfenster.de\/index.php?rest_route=\/wp\/v2\/posts"}],"about":[{"href":"http:\/\/lyrikfenster.de\/index.php?rest_route=\/wp\/v2\/types\/post"}],"author":[{"embeddable":true,"href":"http:\/\/lyrikfenster.de\/index.php?rest_route=\/wp\/v2\/users\/1"}],"replies":[{"embeddable":true,"href":"http:\/\/lyrikfenster.de\/index.php?rest_route=%2Fwp%2Fv2%2Fcomments&post=1112"}],"version-history":[{"count":1,"href":"http:\/\/lyrikfenster.de\/index.php?rest_route=\/wp\/v2\/posts\/1112\/revisions"}],"predecessor-version":[{"id":1113,"href":"http:\/\/lyrikfenster.de\/index.php?rest_route=\/wp\/v2\/posts\/1112\/revisions\/1113"}],"wp:attachment":[{"href":"http:\/\/lyrikfenster.de\/index.php?rest_route=%2Fwp%2Fv2%2Fmedia&parent=1112"}],"wp:term":[{"taxonomy":"category","embeddable":true,"href":"http:\/\/lyrikfenster.de\/index.php?rest_route=%2Fwp%2Fv2%2Fcategories&post=1112"},{"taxonomy":"post_tag","embeddable":true,"href":"http:\/\/lyrikfenster.de\/index.php?rest_route=%2Fwp%2Fv2%2Ftags&post=1112"}],"curies":[{"name":"wp","href":"https:\/\/api.w.org\/{rel}","templated":true}]}}