{"id":1020,"date":"2023-08-05T16:00:35","date_gmt":"2023-08-05T16:00:35","guid":{"rendered":"http:\/\/lyrikfenster.de\/?p=1020"},"modified":"2023-08-05T16:00:35","modified_gmt":"2023-08-05T16:00:35","slug":"beten-mit-der-schwerkraft","status":"publish","type":"post","link":"http:\/\/lyrikfenster.de\/?p=1020","title":{"rendered":"Beten mit der Schwerkraft"},"content":{"rendered":"\n<p><strong>Mit den F\u00fc\u00dfen beten<br>den Grund sp\u00fcren<br>das Stehen auf weitem Raum<br><br>Mit der Schwerkraft beten<br>meinem Sitzen nachsp\u00fcren<br>ankommen<br>im Gehaltensein<br><br>Da sein<br>mich aufrichten<br>ausrichten<br>zum Licht<br><br>Auf meinen Schultern<br>die Last der Sorgen<br>wahrnehmen<br>was mich niederdr\u00fcckt<br><br>Meine H\u00e4nde \u00f6ffnen<br>Vertrauen \u00fcben<br>alles Schwere loslassen<br><br>Atmen<br>mit dem Strom Deiner Liebe<br>in mir<br><\/strong><br>Christine Ruppert \u00a9 2023<\/p>\n","protected":false},"excerpt":{"rendered":"<p>Mit den F\u00fc\u00dfen betenden Grund sp\u00fcrendas Stehen auf weitem Raum Mit der Schwerkraft betenmeinem Sitzen nachsp\u00fcrenankommenim Gehaltensein Da seinmich aufrichtenausrichtenzum Licht Auf meinen Schulterndie Last der Sorgenwahrnehmenwas mich niederdr\u00fcckt Meine H\u00e4nde \u00f6ffnenVertrauen \u00fcbenalles Schwere loslassen Atmenmit dem Strom Deiner Liebein mirChristine Ruppert \u00a9 2023<\/p>\n","protected":false},"author":1,"featured_media":0,"comment_status":"open","ping_status":"open","sticky":false,"template":"","format":"standard","meta":{"footnotes":""},"categories":[3],"tags":[16,17,15],"class_list":["post-1020","post","type-post","status-publish","format-standard","hentry","category-gedicht","tag-gebet","tag-psalmen","tag-vertrauen"],"post_mailing_queue_ids":[],"_links":{"self":[{"href":"http:\/\/lyrikfenster.de\/index.php?rest_route=\/wp\/v2\/posts\/1020","targetHints":{"allow":["GET"]}}],"collection":[{"href":"http:\/\/lyrikfenster.de\/index.php?rest_route=\/wp\/v2\/posts"}],"about":[{"href":"http:\/\/lyrikfenster.de\/index.php?rest_route=\/wp\/v2\/types\/post"}],"author":[{"embeddable":true,"href":"http:\/\/lyrikfenster.de\/index.php?rest_route=\/wp\/v2\/users\/1"}],"replies":[{"embeddable":true,"href":"http:\/\/lyrikfenster.de\/index.php?rest_route=%2Fwp%2Fv2%2Fcomments&post=1020"}],"version-history":[{"count":1,"href":"http:\/\/lyrikfenster.de\/index.php?rest_route=\/wp\/v2\/posts\/1020\/revisions"}],"predecessor-version":[{"id":1021,"href":"http:\/\/lyrikfenster.de\/index.php?rest_route=\/wp\/v2\/posts\/1020\/revisions\/1021"}],"wp:attachment":[{"href":"http:\/\/lyrikfenster.de\/index.php?rest_route=%2Fwp%2Fv2%2Fmedia&parent=1020"}],"wp:term":[{"taxonomy":"category","embeddable":true,"href":"http:\/\/lyrikfenster.de\/index.php?rest_route=%2Fwp%2Fv2%2Fcategories&post=1020"},{"taxonomy":"post_tag","embeddable":true,"href":"http:\/\/lyrikfenster.de\/index.php?rest_route=%2Fwp%2Fv2%2Ftags&post=1020"}],"curies":[{"name":"wp","href":"https:\/\/api.w.org\/{rel}","templated":true}]}}